{"id":11938,"date":"2018-08-11T14:33:34","date_gmt":"2018-08-11T14:33:34","guid":{"rendered":"http:\/\/www.rkv.rs\/?p=11938"},"modified":"2018-08-16T10:48:57","modified_gmt":"2018-08-16T10:48:57","slug":"11938","status":"publish","type":"post","link":"http:\/\/www.rkv.rs\/?p=11938","title":{"rendered":"Tradicionalni intervjuu sa Milanom \u0110uki\u0107em"},"content":{"rendered":"<div id=\"fb-root\"><\/div>\n<div dir=\"auto\"><img fetchpriority=\"high\" decoding=\"async\" class=\"aligncenter wp-image-11941 size-large\" src=\"http:\/\/www.rkv.rs\/wp-sadrzaj\/uploads\/2018\/08\/9-1024x689.jpg\" alt=\"\" width=\"640\" height=\"431\" srcset=\"http:\/\/www.rkv.rs\/wp-sadrzaj\/uploads\/2018\/08\/9-1024x689.jpg 1024w, http:\/\/www.rkv.rs\/wp-sadrzaj\/uploads\/2018\/08\/9-300x202.jpg 300w, http:\/\/www.rkv.rs\/wp-sadrzaj\/uploads\/2018\/08\/9-768x517.jpg 768w\" sizes=\"(max-width: 640px) 100vw, 640px\" \/><\/div>\n<div dir=\"auto\">&nbsp;<\/div>\n<div dir=\"auto\"><strong>1. Svake godine, ista pri\u010da. Uvek razgovaramo na po\u010detku sezone, tradicionalno, sa predsednikom kluba Milanom \u0110uki\u0107em i jedina razlika je u broju vi\u0161e uzastopnih titula. Dokle mislite da brojite? Ovakav podvig od \u0161est titula u nizu u bilo kom sportu je zapanjuju\u0107i, zar ne?<\/strong><\/div>\n<blockquote>\n<div dir=\"auto\">&#8211; Hvala na ovako da ka\u017eem &#8220;jakim&#8221; pitanjima , taj niz od 6 uzastopnih titula jeste mozda impozantan, ali iz svake od tih titula stoji naporan rad, zalaganje nekih igra\u010da, trenera, stru\u010dnog \u0161taba, uprave, podr\u0161ka sponzora, navija\u010da&#8230; Dakle, mo\u017ee se desiti da jednom osvojite ne\u0161to, ali da to odbranite te\u0161ko je bez kvaliteta i jo\u0161 da napravite ovakav niz, to je ve\u0107 kod svih ozbiljnih ljudi priznato kao sportski zapa\u017een rezultat u Novom Sadu, Pokrajini, ali i u Srbiji . Naravno da uvek ima onih koji \u0107e sjaj trofeja poku\u0161ati da stave u senku njihovog razmi\u0161ljanja i svake godine slu\u0161amo takve pri\u010de, ali to sve i ostaje na tim njihovim pri\u010dama, fejsbuk statusima i porukama na forumima. Uvek u avansu pristajem da su sve u pravu. Rezultati sva\u010dijeg rada i jo\u0161 vi\u0161e nerada su uvek merilo svega. Mi za 10 godina rada u RK Vojvodini imamo rezultate priznate i poznate. &nbsp;<\/div>\n<\/blockquote>\n<div dir=\"auto\"><strong>2. Da li mislite da vas je malo i sre\u0107a pogledala ili malo vi\u0161e? Mogla je lopta u \u0160apcu pre\u0107i gol liniju, pa bi Vo\u0161a ostala bez titule. Mnogi se \u010dude kako to da Vojvodina uvek na kraju pobedi. \u010culi smo jednu anegdotu &#8220;rukomet je kranje neizvesna igra u kojoj uvek pobedi Vojvodina&#8221;. Ne\u0161to sli\u010dno imamo sa Nemcima u fudbalu !&nbsp;<img decoding=\"async\" class=\"CToWUd\" src=\"https:\/\/mail.google.com\/mail\/e\/1f642\" alt=\"?\" data-goomoji=\"1f642\"\/><\/strong><\/div>\n<div dir=\"auto\">&nbsp;<\/div>\n<blockquote>\n<div dir=\"auto\">&#8211; Nemci se ba\u0161 nesto nisu proslavili u fudbalu ovog leta, pa da se ne poredimo s njima. Prijaju sva ta poredjenja, ali i u pobedi i u porazu \u010dovek mora imati meru. Ta mera se zove vera u samog sebe i svaki put iznova preispitivanje sopstvenih ciljeva i pravila. Koliko god to zvu\u010dalo kao otrcana filozofska fraza, ne bih se ba\u0161 slo\u017eio da je svima bilo drago smo smo osvojili titulu. Niti je ba\u0161 mnogima bilo \u017eao kada smo izgubili finale Kupa u Novom Sadu. I sada svako mo\u017ee da pripi\u0161e titulu sre\u0107i, ali niko ne pripisuje pehar Kupa sre\u0107i golmana \u017delezni\u010dara u poslednjem napadu. A vidite ta sre\u0107a je mogla da bude oba puta na strani \u017delezni\u010dara ili oba puta na strani Vojvodine. Bog nas je pogledao onda kada je to bilo potrebno. I svakako Metaloplastika je odigrala profesionalno, a nije morala i to jeste \u010dinjenica za ceniti. Salve uvreda koje su usledile, teorije zavera prepu\u0161tam kao \u0161to rekoh forumima i fejsbuk handball statusarima, potvrdio sam ve\u0107 da su sve u pravu!<\/div>\n<\/blockquote>\n<div dir=\"auto\"><strong>3. Svake godine protivnici sve vi\u0161e ula\u017eu u igra\u010dki kadar. Deluje je da ni\u0161ki \u017delezni\u010dar ima najozbiljnije namere. Vujovi\u0107 na klupi, dovedeno 10-ak poja\u010danja. Da li gledate u tu\u0111e dvori\u0161te?<\/strong><\/div>\n<blockquote>\n<div dir=\"auto\">&#8211; Svake godine svi imaju ozbiljne namere. Niti se bavim \u017delezni\u010darom, niti Vujovi\u0107em. Svako svoje dvori\u0161te gleda i o njemu brine. Mi smo ekipu postavili u skladu sa klupskom politikom. Tu politiku utvrdjuje klub i organi kluba i niti je prilagodjavamo sada \u017delezni\u010daru niti smo pre dve godine prilagodjavali Zvezdi niti pre pet godina Radni\u010dkom iz Kragujevca. Svako neka ima namere kakve \u017eeli, interese kakve \u017eeli, nikom se ne mo\u017ee osporiti da ih ima. Teren i rezultat su uvek merilo svega. Mi smo sistemski krenuli u podmladjivanje ekipe i da sada nismo to uradili za dve godine bi bilo prekasno. Onda ne bismo bili klub koji osvaja ili ne osvaja trofeje. Vojvodina je klub, klub za respekt i trenutno jeste najbolji i najorganizovaniji rukometni klub u Srbiji. Stojim iza toga. Ta\u010dka.<\/div>\n<\/blockquote>\n<div dir=\"auto\"><strong>4. Vojvodina je pro\u0161le sezona zapo\u010dela rezove podmla\u0111ivanja. Svaki vid takve rekonstrukcije ostavlja dublji rez. Kod vas to jo\u0161 nije uvek slu\u010daj. Da li se pla\u0161ite toga jer sada evidentno imate u proseku za najmanje 5 godina mla\u0111u ekipu?<\/strong><\/div>\n<blockquote>\n<div dir=\"auto\">&#8211;&nbsp;Ne, ne pla\u0161imo se jer \u0107emo za 2-3 godina imati uigranu ekipu koja 3-5 godina igra zajendo od \u010dega 2-3 sezone Superligu i tada \u0107emo gledati posledice ovog reza. Nama kao naciji nije svojstveno planiranje, strategija i gledanje u budu\u0107nost, pa ne bih dublje analizirao sve aspekte ovoga.<\/div>\n<\/blockquote>\n<div dir=\"auto\"><strong>5. Tradicionalno, uvek na kraju sezone re\u0111aju se prijemi kod Gradona\u010delnika Novog Sada gospodina Milo\u0161a Vu\u010devi\u0107a, predsednika Vlade APV gospodina Igora Mirovi\u0107a i generalnog direktora Srbijagasa gospodina Du\u0161ana Bajatovi\u0107a. Deluje da RK Vojvodina ima sna\u017enu podr\u0161ku najva\u017enijih institucija. Trebalo je to i zaslu\u017eiti, zar ne?<\/strong><\/div>\n<blockquote>\n<div dir=\"auto\">&#8211;&nbsp;Zavist valja i zaslu\u017eiti. &#8220;\u010covek kome ne zavide i nije neki&#8221;, govori se kod mene u predgradju Novog Sada u kome \u017eivim. A ja na to ka\u017eem samo da smo rezultate rada gradili 10 godina unazad i da se ba\u0161 ne de\u0161ava \u010desto da vas tako olako primaju Predsednik Vlade&nbsp; APV, Gradona\u010delnik Novog Sada bez da iza toga stoji rezultat, iskren odnos, pravilan rad i ekipa ljudi koja stoji iza kluba. To jeste nama za ponos.<\/div>\n<\/blockquote>\n<div dir=\"auto\"><strong>6. I ve\u010dito je pitanje dokle Vojvodina mo\u017ee u Evropi. Za sada to se svodi na drugo ili tre\u0107e kolo, ponekad i nastup u grupnoj fazi Lige \u0161ampiona ili EHF kupa. Koliko smo daleko od ozbiljnijeg nastupa na me\u0111unarodnoj sceni? &nbsp;<\/strong><\/div>\n<blockquote>\n<div dir=\"auto\">&#8211;&nbsp;Vide\u0107emo, ekipa je podmladjena, cilj u Evropi je \u0161to dalje oti\u0107i, ali na\u0161 fokus jeste i bi\u0107e jun mesec 2019. godine i borba za doma\u0107e trofeje.&nbsp;<\/div>\n<\/blockquote>\n<div dir=\"auto\"><strong>7. Za kraj razgovora, poruka navija\u010dima?<\/strong><\/div>\n<blockquote>\n<div dir=\"auto\">&#8211;&nbsp;Nikad vas nismo izneverili. Ne\u0107emo ni slede\u0107e sezone. Radi\u0107emo samo u interesu Rukometnog kluba Vojvodina i njenih spoznora, a sve \u0161to bude bilo potrebno da u\u010dinimo da Vojvodina bude u srpskom rukometu prepoznata kao kohezioni faktor, u\u010dini\u0107emo!<\/div>\n<\/blockquote>\n<div dir=\"auto\"><img decoding=\"async\" class=\"size-medium wp-image-11992 aligncenter\" src=\"http:\/\/www.rkv.rs\/wp-sadrzaj\/uploads\/2018\/08\/986137_milan-djukic_ls-300x200.jpg\" alt=\"\" width=\"300\" height=\"200\" srcset=\"http:\/\/www.rkv.rs\/wp-sadrzaj\/uploads\/2018\/08\/986137_milan-djukic_ls-300x200.jpg 300w, http:\/\/www.rkv.rs\/wp-sadrzaj\/uploads\/2018\/08\/986137_milan-djukic_ls-768x511.jpg 768w, http:\/\/www.rkv.rs\/wp-sadrzaj\/uploads\/2018\/08\/986137_milan-djukic_ls.jpg 1000w\" sizes=\"(max-width: 300px) 100vw, 300px\" \/><\/div>\n","protected":false},"excerpt":{"rendered":"<p>&nbsp; 1. Svake godine, ista pri\u010da. Uvek razgovaramo na po\u010detku sezone, tradicionalno, sa predsednikom kluba Milanom \u0110uki\u0107em i jedina razlika je u broju&#8230;<\/p>\n","protected":false},"author":9,"featured_media":11992,"comment_status":"open","ping_status":"open","sticky":false,"template":"","format":"standard","meta":{"ngg_post_thumbnail":0,"footnotes":""},"categories":[41,110,40,51,47],"tags":[9],"class_list":["post-11938","post","type-post","status-publish","format-standard","has-post-thumbnail","hentry","category-aktuelno","category-arhiva-2018","category-obavestenja","category-takmicenja","category-vesti","tag-featured"],"_links":{"self":[{"href":"http:\/\/www.rkv.rs\/index.php?rest_route=\/wp\/v2\/posts\/11938","targetHints":{"allow":["GET"]}}],"collection":[{"href":"http:\/\/www.rkv.rs\/index.php?rest_route=\/wp\/v2\/posts"}],"about":[{"href":"http:\/\/www.rkv.rs\/index.php?rest_route=\/wp\/v2\/types\/post"}],"author":[{"embeddable":true,"href":"http:\/\/www.rkv.rs\/index.php?rest_route=\/wp\/v2\/users\/9"}],"replies":[{"embeddable":true,"href":"http:\/\/www.rkv.rs\/index.php?rest_route=%2Fwp%2Fv2%2Fcomments&post=11938"}],"version-history":[{"count":7,"href":"http:\/\/www.rkv.rs\/index.php?rest_route=\/wp\/v2\/posts\/11938\/revisions"}],"predecessor-version":[{"id":12030,"href":"http:\/\/www.rkv.rs\/index.php?rest_route=\/wp\/v2\/posts\/11938\/revisions\/12030"}],"wp:featuredmedia":[{"embeddable":true,"href":"http:\/\/www.rkv.rs\/index.php?rest_route=\/wp\/v2\/media\/11992"}],"wp:attachment":[{"href":"http:\/\/www.rkv.rs\/index.php?rest_route=%2Fwp%2Fv2%2Fmedia&parent=11938"}],"wp:term":[{"taxonomy":"category","embeddable":true,"href":"http:\/\/www.rkv.rs\/index.php?rest_route=%2Fwp%2Fv2%2Fcategories&post=11938"},{"taxonomy":"post_tag","embeddable":true,"href":"http:\/\/www.rkv.rs\/index.php?rest_route=%2Fwp%2Fv2%2Ftags&post=11938"}],"curies":[{"name":"wp","href":"https:\/\/api.w.org\/{rel}","templated":true}]}}